{"id":1959,"date":"2026-04-27T15:37:49","date_gmt":"2026-04-27T13:37:49","guid":{"rendered":"https:\/\/recrytera.com\/?p=1959"},"modified":"2026-04-30T11:41:13","modified_gmt":"2026-04-30T09:41:13","slug":"sfida-pa-attrarre-generazione-z","status":"publish","type":"post","link":"https:\/\/recrytera.com\/it\/sfida-pa-attrarre-generazione-z\/","title":{"rendered":"La sfida della PA: attrarre la Generazione Z"},"content":{"rendered":"<p>La Pubblica Amministrazione \u00e8 in una fase di trasformazione che non ha precedenti. Non \u00e8 solo una questione di innovazione tecnologica o di digitalizzazione dei servizi: <strong>il vero cambiamento riguarda le persone<\/strong>. Nei prossimi anni, infatti, il sistema pubblico dovr\u00e0 affrontare un ricambio generazionale di dimensioni straordinarie, con circa un milione di dipendenti che lasceranno il lavoro entro sei anni.<\/p>\n<p>\u00c8 su questo scenario che si inseriscono le dichiarazioni del Ministro per la Pubblica Amministrazione Paolo Zangrillo, che ha sintetizzato con chiarezza il momento che stiamo attraversando: \u201c<strong>il momento della Generazione Z<\/strong>\u201d. Una frase che non rappresenta soltanto un\u2019indicazione anagrafica, ma un cambio di paradigma. La Pubblica Amministrazione non deve pi\u00f9 <strong>limitarsi a sostituire chi esce<\/strong>, ma deve cogliere questa occasione per ridefinire il proprio equilibrio interno, introducendo <strong>nuove competenze e nuovi modi di lavorare<\/strong>.<\/p>\n<p>&nbsp;<\/p>\n<h2>Dalla selezione all\u2019attrazione<\/h2>\n<p>Per molto tempo, il reclutamento pubblico \u00e8 stato considerato un processo tecnico, regolato da norme e procedure consolidate. Oggi, per\u00f2, questo approccio non \u00e8 pi\u00f9 sufficiente. Il punto non \u00e8 soltanto assumere, ma riuscire ad attrarre. <strong>E attrarre significa competere.<\/strong> Non pi\u00f9 solo tra amministrazioni, ma con l\u2019intero mercato del lavoro, in cui i giovani talenti hanno a disposizione molte pi\u00f9 opportunit\u00e0 rispetto al passato.<\/p>\n<p>\u00c8 proprio in questo contesto che, anche nel settore privato, stanno emergendo modelli sempre pi\u00f9 orientati alla selezione e allo sviluppo attivo del talento, come dimostrano iniziative come l&#8217;academy <strong><a href=\"https:\/\/recrytera.com\/it\/next-pulse-academy-talento-opportunita\/\">Next Pulse<\/a><\/strong>, che integrano assessment, formazione ed esperienza sul campo.<\/p>\n<p>La Generazione Z, in particolare, porta con s\u00e9 aspettative diverse. La stabilit\u00e0, che per decenni \u00e8 stata il principale fattore di attrattivit\u00e0 del lavoro pubblico, non \u00e8 pi\u00f9 sufficiente. I giovani cercano contesti dinamici, possibilit\u00e0 di crescita, ambienti in cui il merito sia riconosciuto e in cui le competenze possano essere realmente valorizzate.<\/p>\n<p>Ma soprattutto, cercano un equilibrio tra lavoro e qualit\u00e0 della vita. Non si tratta di un elemento accessorio: per molti giovani \u00e8 un criterio di scelta determinante. Le ricerche mostrano come la Gen Z attribuisca grande valore alla flessibilit\u00e0, al benessere e alla sostenibilit\u00e0 dei ritmi lavorativi, arrivando in molti casi a rifiutare opportunit\u00e0 professionali che non rispettino questo equilibrio.<\/p>\n<p>In questo senso, la PA si trova a dover ripensare non solo ci\u00f2 che offre, ma anche come si presenta: non pi\u00f9 solo stabilit\u00e0, ma qualit\u00e0 dell\u2019esperienza lavorativa nel suo complesso.<\/p>\n<p>&nbsp;<\/p>\n<h2>Un interesse che esiste, ma va intercettato<\/h2>\n<p>Nonostante le criticit\u00e0, i segnali di interesse non mancano. Negli ultimi anni, la partecipazione ai concorsi pubblici \u00e8 cresciuta in modo significativo e una quota rilevante di giovani continua a guardare alla <strong>PA come a un\u2019opportunit\u00e0 professionale concreta<\/strong>.<\/p>\n<p>Questo dimostra che il problema non \u00e8 l\u2019assenza di domanda, ma la capacit\u00e0 di intercettarla e di trasformarla in partecipazione reale e qualificata. La sfida non \u00e8 quindi generare interesse, ma costruire le condizioni perch\u00e9 questo <strong>interesse si traduca in scelta<\/strong>.<\/p>\n<p>E oggi, sempre pi\u00f9 spesso, questa scelta passa anche dalla percezione della qualit\u00e0 della vita associata al lavoro: flessibilit\u00e0, organizzazione del tempo e attenzione al benessere non sono pi\u00f9 benefit, ma fattori competitivi.<\/p>\n<p>&nbsp;<\/p>\n<h2>Il ruolo del processo di selezione<\/h2>\n<p>C\u2019\u00e8 per\u00f2 un elemento spesso sottovalutato: il processo. Per le nuove generazioni, il modo in cui si accede a un\u2019organizzazione \u00e8 parte integrante dell\u2019esperienza. Tempi lunghi, passaggi complessi o scarsa chiarezza possono diventare fattori disincentivanti, soprattutto in un contesto in cui il mercato del lavoro si muove con velocit\u00e0 sempre maggiore.<\/p>\n<p>Un processo che dura mesi rischia di perdere i candidati migliori ancora prima di arrivare alla selezione finale. In un mercato in cui i giovani valutano pi\u00f9 opzioni contemporaneamente e con attenzione crescente, anche l\u2019esperienza di candidatura deve essere coerente con le loro aspettative: trasparente, rapida e rispettosa del tempo.<\/p>\n<p>In questo senso, il reclutamento pubblico non pu\u00f2 pi\u00f9 essere visto come una fase isolata, ma come una leva strategica. \u00c8 attraverso il processo di selezione che la Pubblica Amministrazione comunica il proprio livello di efficienza, la propria capacit\u00e0 organizzativa e, in ultima analisi, la propria attrattivit\u00e0.<\/p>\n<p>&nbsp;<\/p>\n<h2>Verso una PA pi\u00f9 competitiva<\/h2>\n<p>Le riforme in corso e le indicazioni che emergono a livello istituzionale vanno proprio nella direzione di colmare questo divario. L\u2019obiettivo \u00e8 rendere la <strong>PA pi\u00f9 moderna, pi\u00f9 efficiente e pi\u00f9 capace di valorizzare le competenze<\/strong>, anche attraverso un diverso mix tra esperienza e nuove professionalit\u00e0.<\/p>\n<p>Ma la sfida non \u00e8 soltanto normativa. \u00c8 culturale e operativa. Attrarre la Generazione Z significa ripensare il ruolo stesso del reclutamento pubblico, trasformandolo da semplice adempimento amministrativo a <strong>strumento per costruire il futuro delle istituzioni<\/strong>.<\/p>\n<p>Significa anche riconoscere che il lavoro non \u00e8 pi\u00f9 l\u2019unico centro della vita professionale: per molti giovani \u00e8 una componente importante, ma deve essere compatibile con altri spazi di realizzazione personale. Ignorare questo cambiamento significa perdere competitivit\u00e0 rispetto ad altri datori di lavoro.<\/p>\n<p>In un contesto caratterizzato da un turnover massivo e da trasformazioni tecnologiche sempre pi\u00f9 rapide, la capacit\u00e0 di selezionare e inserire nuovi talenti diventa un fattore determinante per la continuit\u00e0 e l\u2019efficacia dell\u2019azione pubblica.<\/p>\n<p>La domanda, allora, non \u00e8 se la Pubblica Amministrazione riuscir\u00e0 ad assumere.<\/p>\n<p>La vera sfida \u00e8 diventare un\u2019organizzazione capace di attrarre i giovani e trattenerli nel tempo, offrendo non solo opportunit\u00e0 professionali, ma anche un equilibrio sostenibile tra lavoro e vita, che renda la <strong>PA un luogo in cui vale la pena entrare, e restare<\/strong>.<\/p>\n","protected":false},"excerpt":{"rendered":"<p>La Pubblica Amministrazione non deve pi\u00f9 limitarsi a sostituire chi esce, ma deve cogliere questa occasione per ridefinire il proprio equilibrio interno<\/p>\n","protected":false},"author":2,"featured_media":1962,"comment_status":"closed","ping_status":"closed","sticky":false,"template":"","format":"standard","meta":{"_acf_changed":false,"inline_featured_image":false,"footnotes":""},"categories":[62,19,10],"tags":[],"class_list":["post-1959","post","type-post","status-publish","format-standard","has-post-thumbnail","hentry","category-home","category-news-concorsi-digitali","category-non-categorizzato"],"acf":[],"yoast_head":"<!-- This site is optimized with the Yoast SEO plugin v27.3 - https:\/\/yoast.com\/product\/yoast-seo-wordpress\/ -->\n<title>La sfida della PA: attrarre la Generazione Z - Recrytera<\/title>\n<meta name=\"description\" content=\"La Pubblica Amministrazione non deve pi\u00f9 limitarsi a sostituire chi esce, ma deve puntare alla Generazione Z per rimodellarsi\" \/>\n<meta name=\"robots\" content=\"index, follow, max-snippet:-1, max-image-preview:large, max-video-preview:-1\" \/>\n<link rel=\"canonical\" href=\"https:\/\/recrytera.com\/it\/sfida-pa-attrarre-generazione-z\/\" \/>\n<meta property=\"og:locale\" content=\"it_IT\" \/>\n<meta property=\"og:type\" content=\"article\" \/>\n<meta property=\"og:title\" content=\"La sfida della PA: attrarre la Generazione Z - Recrytera\" \/>\n<meta property=\"og:description\" content=\"La Pubblica Amministrazione non deve pi\u00f9 limitarsi a sostituire chi esce, ma deve puntare alla Generazione Z per rimodellarsi\" \/>\n<meta property=\"og:url\" content=\"https:\/\/recrytera.com\/it\/sfida-pa-attrarre-generazione-z\/\" \/>\n<meta property=\"og:site_name\" content=\"Recrytera\" \/>\n<meta property=\"article:published_time\" content=\"2026-04-27T13:37:49+00:00\" \/>\n<meta property=\"article:modified_time\" content=\"2026-04-30T09:41:13+00:00\" \/>\n<meta property=\"og:image\" content=\"https:\/\/recrytera.com\/wp-content\/uploads\/2026\/04\/pa-attrarre-generazione-z.webp\" \/>\n\t<meta property=\"og:image:width\" content=\"1280\" \/>\n\t<meta property=\"og:image:height\" content=\"640\" \/>\n\t<meta property=\"og:image:type\" content=\"image\/webp\" \/>\n<meta name=\"author\" content=\"Luciano Torrente\" \/>\n<meta name=\"twitter:card\" content=\"summary_large_image\" \/>\n<meta name=\"twitter:label1\" content=\"Scritto da\" \/>\n\t<meta name=\"twitter:data1\" content=\"Luciano Torrente\" \/>\n\t<meta name=\"twitter:label2\" content=\"Tempo di lettura stimato\" \/>\n\t<meta name=\"twitter:data2\" content=\"4 minuti\" \/>\n<script type=\"application\/ld+json\" class=\"yoast-schema-graph\">{\"@context\":\"https:\\\/\\\/schema.org\",\"@graph\":[{\"@type\":\"Article\",\"@id\":\"https:\\\/\\\/recrytera.com\\\/it\\\/sfida-pa-attrarre-generazione-z\\\/#article\",\"isPartOf\":{\"@id\":\"https:\\\/\\\/recrytera.com\\\/it\\\/sfida-pa-attrarre-generazione-z\\\/\"},\"author\":{\"name\":\"Luciano Torrente\",\"@id\":\"https:\\\/\\\/recrytera.com\\\/it\\\/#\\\/schema\\\/person\\\/2105873a8cc410ebc8bf5d2479307f32\"},\"headline\":\"La sfida della PA: attrarre la Generazione Z\",\"datePublished\":\"2026-04-27T13:37:49+00:00\",\"dateModified\":\"2026-04-30T09:41:13+00:00\",\"mainEntityOfPage\":{\"@id\":\"https:\\\/\\\/recrytera.com\\\/it\\\/sfida-pa-attrarre-generazione-z\\\/\"},\"wordCount\":883,\"image\":{\"@id\":\"https:\\\/\\\/recrytera.com\\\/it\\\/sfida-pa-attrarre-generazione-z\\\/#primaryimage\"},\"thumbnailUrl\":\"https:\\\/\\\/recrytera.com\\\/wp-content\\\/uploads\\\/2026\\\/04\\\/pa-attrarre-generazione-z.webp\",\"articleSection\":[\"Home\",\"News concorsi digitali\",\"Non categorizzato\"],\"inLanguage\":\"it-IT\"},{\"@type\":\"WebPage\",\"@id\":\"https:\\\/\\\/recrytera.com\\\/it\\\/sfida-pa-attrarre-generazione-z\\\/\",\"url\":\"https:\\\/\\\/recrytera.com\\\/it\\\/sfida-pa-attrarre-generazione-z\\\/\",\"name\":\"La sfida della PA: attrarre la Generazione Z - Recrytera\",\"isPartOf\":{\"@id\":\"https:\\\/\\\/recrytera.com\\\/it\\\/#website\"},\"primaryImageOfPage\":{\"@id\":\"https:\\\/\\\/recrytera.com\\\/it\\\/sfida-pa-attrarre-generazione-z\\\/#primaryimage\"},\"image\":{\"@id\":\"https:\\\/\\\/recrytera.com\\\/it\\\/sfida-pa-attrarre-generazione-z\\\/#primaryimage\"},\"thumbnailUrl\":\"https:\\\/\\\/recrytera.com\\\/wp-content\\\/uploads\\\/2026\\\/04\\\/pa-attrarre-generazione-z.webp\",\"datePublished\":\"2026-04-27T13:37:49+00:00\",\"dateModified\":\"2026-04-30T09:41:13+00:00\",\"author\":{\"@id\":\"https:\\\/\\\/recrytera.com\\\/it\\\/#\\\/schema\\\/person\\\/2105873a8cc410ebc8bf5d2479307f32\"},\"description\":\"La Pubblica Amministrazione non deve pi\u00f9 limitarsi a sostituire chi esce, ma deve puntare alla Generazione Z per rimodellarsi\",\"breadcrumb\":{\"@id\":\"https:\\\/\\\/recrytera.com\\\/it\\\/sfida-pa-attrarre-generazione-z\\\/#breadcrumb\"},\"inLanguage\":\"it-IT\",\"potentialAction\":[{\"@type\":\"ReadAction\",\"target\":[\"https:\\\/\\\/recrytera.com\\\/it\\\/sfida-pa-attrarre-generazione-z\\\/\"]}]},{\"@type\":\"ImageObject\",\"inLanguage\":\"it-IT\",\"@id\":\"https:\\\/\\\/recrytera.com\\\/it\\\/sfida-pa-attrarre-generazione-z\\\/#primaryimage\",\"url\":\"https:\\\/\\\/recrytera.com\\\/wp-content\\\/uploads\\\/2026\\\/04\\\/pa-attrarre-generazione-z.webp\",\"contentUrl\":\"https:\\\/\\\/recrytera.com\\\/wp-content\\\/uploads\\\/2026\\\/04\\\/pa-attrarre-generazione-z.webp\",\"width\":1280,\"height\":640,\"caption\":\"La sfida della PA: attrarre la Generazione Z\"},{\"@type\":\"BreadcrumbList\",\"@id\":\"https:\\\/\\\/recrytera.com\\\/it\\\/sfida-pa-attrarre-generazione-z\\\/#breadcrumb\",\"itemListElement\":[{\"@type\":\"ListItem\",\"position\":1,\"name\":\"Home\",\"item\":\"https:\\\/\\\/recrytera.com\\\/it\\\/\"},{\"@type\":\"ListItem\",\"position\":2,\"name\":\"La sfida della PA: attrarre la Generazione Z\"}]},{\"@type\":\"WebSite\",\"@id\":\"https:\\\/\\\/recrytera.com\\\/it\\\/#website\",\"url\":\"https:\\\/\\\/recrytera.com\\\/it\\\/\",\"name\":\"Recrytera\",\"description\":\"Digital recruiting\",\"potentialAction\":[{\"@type\":\"SearchAction\",\"target\":{\"@type\":\"EntryPoint\",\"urlTemplate\":\"https:\\\/\\\/recrytera.com\\\/it\\\/?s={search_term_string}\"},\"query-input\":{\"@type\":\"PropertyValueSpecification\",\"valueRequired\":true,\"valueName\":\"search_term_string\"}}],\"inLanguage\":\"it-IT\"},{\"@type\":\"Person\",\"@id\":\"https:\\\/\\\/recrytera.com\\\/it\\\/#\\\/schema\\\/person\\\/2105873a8cc410ebc8bf5d2479307f32\",\"name\":\"Luciano Torrente\",\"url\":\"https:\\\/\\\/recrytera.com\\\/it\\\/author\\\/luciano-torrente\\\/\"}]}<\/script>\n<!-- \/ Yoast SEO plugin. -->","yoast_head_json":{"title":"La sfida della PA: attrarre la Generazione Z - Recrytera","description":"La Pubblica Amministrazione non deve pi\u00f9 limitarsi a sostituire chi esce, ma deve puntare alla Generazione Z per rimodellarsi","robots":{"index":"index","follow":"follow","max-snippet":"max-snippet:-1","max-image-preview":"max-image-preview:large","max-video-preview":"max-video-preview:-1"},"canonical":"https:\/\/recrytera.com\/it\/sfida-pa-attrarre-generazione-z\/","og_locale":"it_IT","og_type":"article","og_title":"La sfida della PA: attrarre la Generazione Z - Recrytera","og_description":"La Pubblica Amministrazione non deve pi\u00f9 limitarsi a sostituire chi esce, ma deve puntare alla Generazione Z per rimodellarsi","og_url":"https:\/\/recrytera.com\/it\/sfida-pa-attrarre-generazione-z\/","og_site_name":"Recrytera","article_published_time":"2026-04-27T13:37:49+00:00","article_modified_time":"2026-04-30T09:41:13+00:00","og_image":[{"width":1280,"height":640,"url":"https:\/\/recrytera.com\/wp-content\/uploads\/2026\/04\/pa-attrarre-generazione-z.webp","type":"image\/webp"}],"author":"Luciano Torrente","twitter_card":"summary_large_image","twitter_misc":{"Scritto da":"Luciano Torrente","Tempo di lettura stimato":"4 minuti"},"schema":{"@context":"https:\/\/schema.org","@graph":[{"@type":"Article","@id":"https:\/\/recrytera.com\/it\/sfida-pa-attrarre-generazione-z\/#article","isPartOf":{"@id":"https:\/\/recrytera.com\/it\/sfida-pa-attrarre-generazione-z\/"},"author":{"name":"Luciano Torrente","@id":"https:\/\/recrytera.com\/it\/#\/schema\/person\/2105873a8cc410ebc8bf5d2479307f32"},"headline":"La sfida della PA: attrarre la Generazione Z","datePublished":"2026-04-27T13:37:49+00:00","dateModified":"2026-04-30T09:41:13+00:00","mainEntityOfPage":{"@id":"https:\/\/recrytera.com\/it\/sfida-pa-attrarre-generazione-z\/"},"wordCount":883,"image":{"@id":"https:\/\/recrytera.com\/it\/sfida-pa-attrarre-generazione-z\/#primaryimage"},"thumbnailUrl":"https:\/\/recrytera.com\/wp-content\/uploads\/2026\/04\/pa-attrarre-generazione-z.webp","articleSection":["Home","News concorsi digitali","Non categorizzato"],"inLanguage":"it-IT"},{"@type":"WebPage","@id":"https:\/\/recrytera.com\/it\/sfida-pa-attrarre-generazione-z\/","url":"https:\/\/recrytera.com\/it\/sfida-pa-attrarre-generazione-z\/","name":"La sfida della PA: attrarre la Generazione Z - Recrytera","isPartOf":{"@id":"https:\/\/recrytera.com\/it\/#website"},"primaryImageOfPage":{"@id":"https:\/\/recrytera.com\/it\/sfida-pa-attrarre-generazione-z\/#primaryimage"},"image":{"@id":"https:\/\/recrytera.com\/it\/sfida-pa-attrarre-generazione-z\/#primaryimage"},"thumbnailUrl":"https:\/\/recrytera.com\/wp-content\/uploads\/2026\/04\/pa-attrarre-generazione-z.webp","datePublished":"2026-04-27T13:37:49+00:00","dateModified":"2026-04-30T09:41:13+00:00","author":{"@id":"https:\/\/recrytera.com\/it\/#\/schema\/person\/2105873a8cc410ebc8bf5d2479307f32"},"description":"La Pubblica Amministrazione non deve pi\u00f9 limitarsi a sostituire chi esce, ma deve puntare alla Generazione Z per rimodellarsi","breadcrumb":{"@id":"https:\/\/recrytera.com\/it\/sfida-pa-attrarre-generazione-z\/#breadcrumb"},"inLanguage":"it-IT","potentialAction":[{"@type":"ReadAction","target":["https:\/\/recrytera.com\/it\/sfida-pa-attrarre-generazione-z\/"]}]},{"@type":"ImageObject","inLanguage":"it-IT","@id":"https:\/\/recrytera.com\/it\/sfida-pa-attrarre-generazione-z\/#primaryimage","url":"https:\/\/recrytera.com\/wp-content\/uploads\/2026\/04\/pa-attrarre-generazione-z.webp","contentUrl":"https:\/\/recrytera.com\/wp-content\/uploads\/2026\/04\/pa-attrarre-generazione-z.webp","width":1280,"height":640,"caption":"La sfida della PA: attrarre la Generazione Z"},{"@type":"BreadcrumbList","@id":"https:\/\/recrytera.com\/it\/sfida-pa-attrarre-generazione-z\/#breadcrumb","itemListElement":[{"@type":"ListItem","position":1,"name":"Home","item":"https:\/\/recrytera.com\/it\/"},{"@type":"ListItem","position":2,"name":"La sfida della PA: attrarre la Generazione Z"}]},{"@type":"WebSite","@id":"https:\/\/recrytera.com\/it\/#website","url":"https:\/\/recrytera.com\/it\/","name":"Recrytera","description":"Digital recruiting","potentialAction":[{"@type":"SearchAction","target":{"@type":"EntryPoint","urlTemplate":"https:\/\/recrytera.com\/it\/?s={search_term_string}"},"query-input":{"@type":"PropertyValueSpecification","valueRequired":true,"valueName":"search_term_string"}}],"inLanguage":"it-IT"},{"@type":"Person","@id":"https:\/\/recrytera.com\/it\/#\/schema\/person\/2105873a8cc410ebc8bf5d2479307f32","name":"Luciano Torrente","url":"https:\/\/recrytera.com\/it\/author\/luciano-torrente\/"}]}},"_links":{"self":[{"href":"https:\/\/recrytera.com\/it\/wp-json\/wp\/v2\/posts\/1959","targetHints":{"allow":["GET"]}}],"collection":[{"href":"https:\/\/recrytera.com\/it\/wp-json\/wp\/v2\/posts"}],"about":[{"href":"https:\/\/recrytera.com\/it\/wp-json\/wp\/v2\/types\/post"}],"author":[{"embeddable":true,"href":"https:\/\/recrytera.com\/it\/wp-json\/wp\/v2\/users\/2"}],"replies":[{"embeddable":true,"href":"https:\/\/recrytera.com\/it\/wp-json\/wp\/v2\/comments?post=1959"}],"version-history":[{"count":3,"href":"https:\/\/recrytera.com\/it\/wp-json\/wp\/v2\/posts\/1959\/revisions"}],"predecessor-version":[{"id":1966,"href":"https:\/\/recrytera.com\/it\/wp-json\/wp\/v2\/posts\/1959\/revisions\/1966"}],"wp:featuredmedia":[{"embeddable":true,"href":"https:\/\/recrytera.com\/it\/wp-json\/wp\/v2\/media\/1962"}],"wp:attachment":[{"href":"https:\/\/recrytera.com\/it\/wp-json\/wp\/v2\/media?parent=1959"}],"wp:term":[{"taxonomy":"category","embeddable":true,"href":"https:\/\/recrytera.com\/it\/wp-json\/wp\/v2\/categories?post=1959"},{"taxonomy":"post_tag","embeddable":true,"href":"https:\/\/recrytera.com\/it\/wp-json\/wp\/v2\/tags?post=1959"}],"curies":[{"name":"wp","href":"https:\/\/api.w.org\/{rel}","templated":true}]}}