{"id":1107,"date":"2025-03-13T09:40:05","date_gmt":"2025-03-13T08:40:05","guid":{"rendered":"https:\/\/recrytera.com\/?p=1107"},"modified":"2025-03-31T09:19:56","modified_gmt":"2025-03-31T07:19:56","slug":"pari-opportunita-categorie-protette-concorsi-pubblici","status":"publish","type":"post","link":"https:\/\/recrytera.com\/it\/pari-opportunita-categorie-protette-concorsi-pubblici\/","title":{"rendered":"Pari opportunit\u00e0 per le categorie protette nei concorsi pubblici: un modello di inclusivit\u00e0"},"content":{"rendered":"<p>L&#8217;11 marzo, presso la <strong>Fiera di Roma<\/strong>, abbiamo gestito per <strong>ADM (Agenzia delle Dogane e dei Monopoli) <\/strong>il <a href=\"https:\/\/studioconcorsi.it\/concorso-agenzia-dogane-2024-74-unita-disabili\/\" target=\"_blank\" rel=\"noopener\">concorso per <strong>74 Assistenti Categorie Protette<\/strong><\/a>, pronti ad accogliere <strong>2.359 candidati<\/strong> in uno spazio totalmente agibile e strutturato per garantire pari opportunit\u00e0 a tutti.<\/p>\n<p>L&#8217;accessibilit\u00e0 e l&#8217;inclusione sono fondamentali nei concorsi pubblici, specialmente in quelli per le categorie protette. L&#8217;organizzazione di selezioni in una sede ben attrezzata, anzich\u00e9 in remoto, \u00e8 essenziale per assicurare un ambiente equo, accogliente e conforme alle esigenze di tutti i candidati.<\/p>\n<p>In una sede adeguata, infatti, i candidati con disabilit\u00e0 possono contare <strong>su supporti specifici<\/strong>, <strong>assistenza qualificata<\/strong> immediata e <strong>condizioni ottimali<\/strong> che riducono il rischio di difficolt\u00e0 tecniche o di isolamento. La presenza di personale esperto e di strumenti accessibili consente di affrontare eventuali <strong>necessit\u00e0 in tempo reale<\/strong>, garantendo un\u2019esperienza di selezione <strong>pi\u00f9 serena e senza ostacoli<\/strong>.<\/p>\n<h2>Un evento all&#8217;insegna dell&#8217;inclusione e dell&#8217;efficienza<\/h2>\n<p>Per raggiungere questo obiettivo, abbiamo predisposto<strong> un team dedicato di<\/strong> <strong>oltre 70 unit\u00e0<\/strong>, composto da:<\/p>\n<ul>\n<li><strong>Tecnici specializzati<\/strong> per il supporto informatico e logistico.<\/li>\n<li><strong>Hostess<\/strong> per il riconoscimento dei candidati e il tutoraggio durante l&#8217;evento.<\/li>\n<li><strong>Interpreti LIS<\/strong> per facilitare la comunicazione con i partecipanti non udenti.<\/li>\n<li><strong>Addetti alla sorveglianza<\/strong> per garantire ordine e sicurezza durante la prova.<\/li>\n<\/ul>\n<h2><span class=\"TextRun SCXW46537428 BCX0\" lang=\"IT-IT\" xml:lang=\"IT-IT\" data-contrast=\"auto\"><span class=\"NormalTextRun SCXW46537428 BCX0\">Accessibilit\u00e0 totale e supporto personalizzato<\/span><\/span><span class=\"EOP SCXW46537428 BCX0\" data-ccp-props=\"{}\">\u00a0<\/span><\/h2>\n<p>Abbiamo strutturato l&#8217;evento in un ambiente che garantisse il massimo comfort e la piena accessibilit\u00e0:<\/p>\n<ul>\n<li><strong>Un padiglione principale<\/strong> con<strong> 2.496 posti a sedere<\/strong>, pensato per accogliere tutti i candidati in un&#8217;unica area senza barriere.<\/li>\n<li><strong>Un padiglione di accoglienza<\/strong> per la registrazione e le informazioni.<\/li>\n<li><strong>Una nursery dedicata<\/strong>, a supporto di chi avesse necessit\u00e0 di assistenza familiare.<\/li>\n<li><strong>Una postazione Priority<\/strong> per rispondere alle esigenze specifiche dei candidati con disabilit\u00e0 particolare, garantendo un accesso agevolato e un supporto mirato.<\/li>\n<\/ul>\n<h2>Tecnologia inclusiva per una selezione equa<\/h2>\n<p>L&#8217;uso della tecnologia \u00e8 stato centrale nel garantire un&#8217;esperienza equa e priva di ostacoli. I candidati hanno avuto a disposizione<a href=\"https:\/\/recrytera.com\/it\/#video\"><strong> tablet configurati per le diverse esigenze<\/strong><\/a>, permettendo un accesso personalizzato alla prova e riducendo al minimo eventuali difficolt\u00e0 tecniche.<\/p>\n<h2>Efficienza organizzativa: tempi ottimizzati e rispetto delle necessit\u00e0 individuali<\/h2>\n<p>L&#8217;evento \u00e8 stato organizzato per garantire una gestione fluida e ottimizzata del tempo per ridurre al minimo il disagio dei partecipanti: in appena <strong>180 minuti totali<\/strong>, dall&#8217;ingresso all&#8217;uscita dei candidati (identificazione, check-in, consegna tablet e check-out) e <strong>60 minuti di prova<\/strong>, con un&#8217;estensione di <strong>18 minuti aggiuntivi<\/strong> per chi ne aveva diritto.<\/p>\n<h2>Un impegno concreto per la parit\u00e0 di accesso<\/h2>\n<p>Questo evento rappresenta un esempio concreto di come un concorso pubblico possa essere organizzato per garantire <strong>pari opportunit\u00e0, inclusivit\u00e0 ed efficienza<\/strong>. L&#8217;impegno nel creare ambienti accoglienti e accessibili \u00e8 fondamentale per promuovere selezioni sempre pi\u00f9 rispettose della diversit\u00e0 e dei diritti di tutti i candidati.<\/p>\n<p>Continueremo a lavorare per rendere i concorsi pubblici un modello di inclusione, dimostrando che accessibilit\u00e0 e innovazione possono andare di pari passo nel garantire un futuro pi\u00f9 equo per tutti.<\/p>\n<p>&nbsp;<\/p>\n","protected":false},"excerpt":{"rendered":"<p>L&#8217;organizzazione di selezioni in una sede ben attrezzata, \u00e8 essenziale per assicurare un ambiente equo, accogliente e conforme alle esigenze di tutti i candidati.<\/p>\n","protected":false},"author":2,"featured_media":1109,"comment_status":"closed","ping_status":"closed","sticky":false,"template":"","format":"standard","meta":{"_acf_changed":false,"inline_featured_image":false,"footnotes":""},"categories":[18,62,19,10],"tags":[],"class_list":["post-1107","post","type-post","status-publish","format-standard","has-post-thumbnail","hentry","category-case-history","category-home","category-news-concorsi-digitali","category-non-categorizzato"],"acf":[],"yoast_head":"<!-- This site is optimized with the Yoast SEO plugin v27.3 - https:\/\/yoast.com\/product\/yoast-seo-wordpress\/ -->\n<title>Pari opportunit\u00e0 per le categorie protette nei concorsi pubblici - Recrytera<\/title>\n<meta name=\"description\" content=\"Continueremo sempre a lavorare per garantire l&#039;accessibilit\u00e0 e l&#039;inclusione e dare pari opportunit\u00e0 nei concorsi categorie protette\" \/>\n<meta name=\"robots\" content=\"index, follow, max-snippet:-1, max-image-preview:large, max-video-preview:-1\" \/>\n<link rel=\"canonical\" href=\"https:\/\/recrytera.com\/it\/pari-opportunita-categorie-protette-concorsi-pubblici\/\" \/>\n<meta property=\"og:locale\" content=\"it_IT\" \/>\n<meta property=\"og:type\" content=\"article\" \/>\n<meta property=\"og:title\" content=\"Pari opportunit\u00e0 per le categorie protette nei concorsi pubblici - Recrytera\" \/>\n<meta property=\"og:description\" content=\"Continueremo sempre a lavorare per garantire l&#039;accessibilit\u00e0 e l&#039;inclusione e dare pari opportunit\u00e0 nei concorsi categorie protette\" \/>\n<meta property=\"og:url\" content=\"https:\/\/recrytera.com\/it\/pari-opportunita-categorie-protette-concorsi-pubblici\/\" \/>\n<meta property=\"og:site_name\" content=\"Recrytera\" \/>\n<meta property=\"article:published_time\" content=\"2025-03-13T08:40:05+00:00\" \/>\n<meta property=\"article:modified_time\" content=\"2025-03-31T07:19:56+00:00\" \/>\n<meta property=\"og:image\" content=\"https:\/\/recrytera.com\/wp-content\/uploads\/2025\/03\/concorso-categorie-protette-pari-opportunita.jpg\" \/>\n\t<meta property=\"og:image:width\" content=\"1200\" \/>\n\t<meta property=\"og:image:height\" content=\"800\" \/>\n\t<meta property=\"og:image:type\" content=\"image\/jpeg\" \/>\n<meta name=\"author\" content=\"Luciano Torrente\" \/>\n<meta name=\"twitter:card\" content=\"summary_large_image\" \/>\n<meta name=\"twitter:label1\" content=\"Scritto da\" \/>\n\t<meta name=\"twitter:data1\" content=\"Luciano Torrente\" \/>\n\t<meta name=\"twitter:label2\" content=\"Tempo di lettura stimato\" \/>\n\t<meta name=\"twitter:data2\" content=\"3 minuti\" \/>\n<script type=\"application\/ld+json\" class=\"yoast-schema-graph\">{\"@context\":\"https:\\\/\\\/schema.org\",\"@graph\":[{\"@type\":\"Article\",\"@id\":\"https:\\\/\\\/recrytera.com\\\/it\\\/pari-opportunita-categorie-protette-concorsi-pubblici\\\/#article\",\"isPartOf\":{\"@id\":\"https:\\\/\\\/recrytera.com\\\/it\\\/pari-opportunita-categorie-protette-concorsi-pubblici\\\/\"},\"author\":{\"name\":\"Luciano Torrente\",\"@id\":\"https:\\\/\\\/recrytera.com\\\/it\\\/#\\\/schema\\\/person\\\/2105873a8cc410ebc8bf5d2479307f32\"},\"headline\":\"Pari opportunit\u00e0 per le categorie protette nei concorsi pubblici: un modello di inclusivit\u00e0\",\"datePublished\":\"2025-03-13T08:40:05+00:00\",\"dateModified\":\"2025-03-31T07:19:56+00:00\",\"mainEntityOfPage\":{\"@id\":\"https:\\\/\\\/recrytera.com\\\/it\\\/pari-opportunita-categorie-protette-concorsi-pubblici\\\/\"},\"wordCount\":493,\"image\":{\"@id\":\"https:\\\/\\\/recrytera.com\\\/it\\\/pari-opportunita-categorie-protette-concorsi-pubblici\\\/#primaryimage\"},\"thumbnailUrl\":\"https:\\\/\\\/recrytera.com\\\/wp-content\\\/uploads\\\/2025\\\/03\\\/concorso-categorie-protette-pari-opportunita.jpg\",\"articleSection\":[\"Case history\",\"Home\",\"News concorsi digitali\",\"Non categorizzato\"],\"inLanguage\":\"it-IT\"},{\"@type\":\"WebPage\",\"@id\":\"https:\\\/\\\/recrytera.com\\\/it\\\/pari-opportunita-categorie-protette-concorsi-pubblici\\\/\",\"url\":\"https:\\\/\\\/recrytera.com\\\/it\\\/pari-opportunita-categorie-protette-concorsi-pubblici\\\/\",\"name\":\"Pari opportunit\u00e0 per le categorie protette nei concorsi pubblici - Recrytera\",\"isPartOf\":{\"@id\":\"https:\\\/\\\/recrytera.com\\\/it\\\/#website\"},\"primaryImageOfPage\":{\"@id\":\"https:\\\/\\\/recrytera.com\\\/it\\\/pari-opportunita-categorie-protette-concorsi-pubblici\\\/#primaryimage\"},\"image\":{\"@id\":\"https:\\\/\\\/recrytera.com\\\/it\\\/pari-opportunita-categorie-protette-concorsi-pubblici\\\/#primaryimage\"},\"thumbnailUrl\":\"https:\\\/\\\/recrytera.com\\\/wp-content\\\/uploads\\\/2025\\\/03\\\/concorso-categorie-protette-pari-opportunita.jpg\",\"datePublished\":\"2025-03-13T08:40:05+00:00\",\"dateModified\":\"2025-03-31T07:19:56+00:00\",\"author\":{\"@id\":\"https:\\\/\\\/recrytera.com\\\/it\\\/#\\\/schema\\\/person\\\/2105873a8cc410ebc8bf5d2479307f32\"},\"description\":\"Continueremo sempre a lavorare per garantire l'accessibilit\u00e0 e l'inclusione e dare pari opportunit\u00e0 nei concorsi categorie protette\",\"breadcrumb\":{\"@id\":\"https:\\\/\\\/recrytera.com\\\/it\\\/pari-opportunita-categorie-protette-concorsi-pubblici\\\/#breadcrumb\"},\"inLanguage\":\"it-IT\",\"potentialAction\":[{\"@type\":\"ReadAction\",\"target\":[\"https:\\\/\\\/recrytera.com\\\/it\\\/pari-opportunita-categorie-protette-concorsi-pubblici\\\/\"]}]},{\"@type\":\"ImageObject\",\"inLanguage\":\"it-IT\",\"@id\":\"https:\\\/\\\/recrytera.com\\\/it\\\/pari-opportunita-categorie-protette-concorsi-pubblici\\\/#primaryimage\",\"url\":\"https:\\\/\\\/recrytera.com\\\/wp-content\\\/uploads\\\/2025\\\/03\\\/concorso-categorie-protette-pari-opportunita.jpg\",\"contentUrl\":\"https:\\\/\\\/recrytera.com\\\/wp-content\\\/uploads\\\/2025\\\/03\\\/concorso-categorie-protette-pari-opportunita.jpg\",\"width\":1200,\"height\":800,\"caption\":\"Concorsi categorie protette: garantiamo le pari opportunit\u00e0\"},{\"@type\":\"BreadcrumbList\",\"@id\":\"https:\\\/\\\/recrytera.com\\\/it\\\/pari-opportunita-categorie-protette-concorsi-pubblici\\\/#breadcrumb\",\"itemListElement\":[{\"@type\":\"ListItem\",\"position\":1,\"name\":\"Home\",\"item\":\"https:\\\/\\\/recrytera.com\\\/it\\\/\"},{\"@type\":\"ListItem\",\"position\":2,\"name\":\"Pari opportunit\u00e0 per le categorie protette nei concorsi pubblici: un modello di inclusivit\u00e0\"}]},{\"@type\":\"WebSite\",\"@id\":\"https:\\\/\\\/recrytera.com\\\/it\\\/#website\",\"url\":\"https:\\\/\\\/recrytera.com\\\/it\\\/\",\"name\":\"Recrytera\",\"description\":\"Digital recruiting\",\"potentialAction\":[{\"@type\":\"SearchAction\",\"target\":{\"@type\":\"EntryPoint\",\"urlTemplate\":\"https:\\\/\\\/recrytera.com\\\/it\\\/?s={search_term_string}\"},\"query-input\":{\"@type\":\"PropertyValueSpecification\",\"valueRequired\":true,\"valueName\":\"search_term_string\"}}],\"inLanguage\":\"it-IT\"},{\"@type\":\"Person\",\"@id\":\"https:\\\/\\\/recrytera.com\\\/it\\\/#\\\/schema\\\/person\\\/2105873a8cc410ebc8bf5d2479307f32\",\"name\":\"Luciano Torrente\",\"url\":\"https:\\\/\\\/recrytera.com\\\/it\\\/author\\\/luciano-torrente\\\/\"}]}<\/script>\n<!-- \/ Yoast SEO plugin. -->","yoast_head_json":{"title":"Pari opportunit\u00e0 per le categorie protette nei concorsi pubblici - Recrytera","description":"Continueremo sempre a lavorare per garantire l'accessibilit\u00e0 e l'inclusione e dare pari opportunit\u00e0 nei concorsi categorie protette","robots":{"index":"index","follow":"follow","max-snippet":"max-snippet:-1","max-image-preview":"max-image-preview:large","max-video-preview":"max-video-preview:-1"},"canonical":"https:\/\/recrytera.com\/it\/pari-opportunita-categorie-protette-concorsi-pubblici\/","og_locale":"it_IT","og_type":"article","og_title":"Pari opportunit\u00e0 per le categorie protette nei concorsi pubblici - Recrytera","og_description":"Continueremo sempre a lavorare per garantire l'accessibilit\u00e0 e l'inclusione e dare pari opportunit\u00e0 nei concorsi categorie protette","og_url":"https:\/\/recrytera.com\/it\/pari-opportunita-categorie-protette-concorsi-pubblici\/","og_site_name":"Recrytera","article_published_time":"2025-03-13T08:40:05+00:00","article_modified_time":"2025-03-31T07:19:56+00:00","og_image":[{"width":1200,"height":800,"url":"https:\/\/recrytera.com\/wp-content\/uploads\/2025\/03\/concorso-categorie-protette-pari-opportunita.jpg","type":"image\/jpeg"}],"author":"Luciano Torrente","twitter_card":"summary_large_image","twitter_misc":{"Scritto da":"Luciano Torrente","Tempo di lettura stimato":"3 minuti"},"schema":{"@context":"https:\/\/schema.org","@graph":[{"@type":"Article","@id":"https:\/\/recrytera.com\/it\/pari-opportunita-categorie-protette-concorsi-pubblici\/#article","isPartOf":{"@id":"https:\/\/recrytera.com\/it\/pari-opportunita-categorie-protette-concorsi-pubblici\/"},"author":{"name":"Luciano Torrente","@id":"https:\/\/recrytera.com\/it\/#\/schema\/person\/2105873a8cc410ebc8bf5d2479307f32"},"headline":"Pari opportunit\u00e0 per le categorie protette nei concorsi pubblici: un modello di inclusivit\u00e0","datePublished":"2025-03-13T08:40:05+00:00","dateModified":"2025-03-31T07:19:56+00:00","mainEntityOfPage":{"@id":"https:\/\/recrytera.com\/it\/pari-opportunita-categorie-protette-concorsi-pubblici\/"},"wordCount":493,"image":{"@id":"https:\/\/recrytera.com\/it\/pari-opportunita-categorie-protette-concorsi-pubblici\/#primaryimage"},"thumbnailUrl":"https:\/\/recrytera.com\/wp-content\/uploads\/2025\/03\/concorso-categorie-protette-pari-opportunita.jpg","articleSection":["Case history","Home","News concorsi digitali","Non categorizzato"],"inLanguage":"it-IT"},{"@type":"WebPage","@id":"https:\/\/recrytera.com\/it\/pari-opportunita-categorie-protette-concorsi-pubblici\/","url":"https:\/\/recrytera.com\/it\/pari-opportunita-categorie-protette-concorsi-pubblici\/","name":"Pari opportunit\u00e0 per le categorie protette nei concorsi pubblici - Recrytera","isPartOf":{"@id":"https:\/\/recrytera.com\/it\/#website"},"primaryImageOfPage":{"@id":"https:\/\/recrytera.com\/it\/pari-opportunita-categorie-protette-concorsi-pubblici\/#primaryimage"},"image":{"@id":"https:\/\/recrytera.com\/it\/pari-opportunita-categorie-protette-concorsi-pubblici\/#primaryimage"},"thumbnailUrl":"https:\/\/recrytera.com\/wp-content\/uploads\/2025\/03\/concorso-categorie-protette-pari-opportunita.jpg","datePublished":"2025-03-13T08:40:05+00:00","dateModified":"2025-03-31T07:19:56+00:00","author":{"@id":"https:\/\/recrytera.com\/it\/#\/schema\/person\/2105873a8cc410ebc8bf5d2479307f32"},"description":"Continueremo sempre a lavorare per garantire l'accessibilit\u00e0 e l'inclusione e dare pari opportunit\u00e0 nei concorsi categorie protette","breadcrumb":{"@id":"https:\/\/recrytera.com\/it\/pari-opportunita-categorie-protette-concorsi-pubblici\/#breadcrumb"},"inLanguage":"it-IT","potentialAction":[{"@type":"ReadAction","target":["https:\/\/recrytera.com\/it\/pari-opportunita-categorie-protette-concorsi-pubblici\/"]}]},{"@type":"ImageObject","inLanguage":"it-IT","@id":"https:\/\/recrytera.com\/it\/pari-opportunita-categorie-protette-concorsi-pubblici\/#primaryimage","url":"https:\/\/recrytera.com\/wp-content\/uploads\/2025\/03\/concorso-categorie-protette-pari-opportunita.jpg","contentUrl":"https:\/\/recrytera.com\/wp-content\/uploads\/2025\/03\/concorso-categorie-protette-pari-opportunita.jpg","width":1200,"height":800,"caption":"Concorsi categorie protette: garantiamo le pari opportunit\u00e0"},{"@type":"BreadcrumbList","@id":"https:\/\/recrytera.com\/it\/pari-opportunita-categorie-protette-concorsi-pubblici\/#breadcrumb","itemListElement":[{"@type":"ListItem","position":1,"name":"Home","item":"https:\/\/recrytera.com\/it\/"},{"@type":"ListItem","position":2,"name":"Pari opportunit\u00e0 per le categorie protette nei concorsi pubblici: un modello di inclusivit\u00e0"}]},{"@type":"WebSite","@id":"https:\/\/recrytera.com\/it\/#website","url":"https:\/\/recrytera.com\/it\/","name":"Recrytera","description":"Digital recruiting","potentialAction":[{"@type":"SearchAction","target":{"@type":"EntryPoint","urlTemplate":"https:\/\/recrytera.com\/it\/?s={search_term_string}"},"query-input":{"@type":"PropertyValueSpecification","valueRequired":true,"valueName":"search_term_string"}}],"inLanguage":"it-IT"},{"@type":"Person","@id":"https:\/\/recrytera.com\/it\/#\/schema\/person\/2105873a8cc410ebc8bf5d2479307f32","name":"Luciano Torrente","url":"https:\/\/recrytera.com\/it\/author\/luciano-torrente\/"}]}},"_links":{"self":[{"href":"https:\/\/recrytera.com\/it\/wp-json\/wp\/v2\/posts\/1107","targetHints":{"allow":["GET"]}}],"collection":[{"href":"https:\/\/recrytera.com\/it\/wp-json\/wp\/v2\/posts"}],"about":[{"href":"https:\/\/recrytera.com\/it\/wp-json\/wp\/v2\/types\/post"}],"author":[{"embeddable":true,"href":"https:\/\/recrytera.com\/it\/wp-json\/wp\/v2\/users\/2"}],"replies":[{"embeddable":true,"href":"https:\/\/recrytera.com\/it\/wp-json\/wp\/v2\/comments?post=1107"}],"version-history":[{"count":6,"href":"https:\/\/recrytera.com\/it\/wp-json\/wp\/v2\/posts\/1107\/revisions"}],"predecessor-version":[{"id":1124,"href":"https:\/\/recrytera.com\/it\/wp-json\/wp\/v2\/posts\/1107\/revisions\/1124"}],"wp:featuredmedia":[{"embeddable":true,"href":"https:\/\/recrytera.com\/it\/wp-json\/wp\/v2\/media\/1109"}],"wp:attachment":[{"href":"https:\/\/recrytera.com\/it\/wp-json\/wp\/v2\/media?parent=1107"}],"wp:term":[{"taxonomy":"category","embeddable":true,"href":"https:\/\/recrytera.com\/it\/wp-json\/wp\/v2\/categories?post=1107"},{"taxonomy":"post_tag","embeddable":true,"href":"https:\/\/recrytera.com\/it\/wp-json\/wp\/v2\/tags?post=1107"}],"curies":[{"name":"wp","href":"https:\/\/api.w.org\/{rel}","templated":true}]}}