{"id":1063,"date":"2025-02-24T10:03:58","date_gmt":"2025-02-24T09:03:58","guid":{"rendered":"https:\/\/recrytera.com\/?p=1063"},"modified":"2025-02-25T09:25:11","modified_gmt":"2025-02-25T08:25:11","slug":"decreto-pa-taglia-idonei-norma-concorsi-2025","status":"publish","type":"post","link":"https:\/\/recrytera.com\/it\/decreto-pa-taglia-idonei-norma-concorsi-2025\/","title":{"rendered":"Decreto PA taglia idonei: stop alla norma per i concorsi 2025"},"content":{"rendered":"<p>La recente <strong>sospensione della &#8220;norma taglia idonei&#8221;<\/strong> rappresenta una importante novit\u00e0 nel settore dei concorsi pubblici. Questa decisione, formalizzata nel Decreto PA 2025 approvato dal Consiglio dei Ministri il 19 febbraio 2025, mira a rendere pi\u00f9 efficiente il processo di reclutamento nella Pubblica Amministrazione, rispondendo alle esigenze di turnover e valorizzando un maggior numero di candidati idonei.<\/p>\n<h2><strong>Cos&#8217;\u00e8 la &#8220;norma taglia idonei&#8221;?<\/strong><\/h2>\n<p>Introdotta nel 2023, la &#8220;norma taglia idonei&#8221; limitava il numero di candidati considerati idonei oltre i vincitori nei concorsi pubblici. Inizialmente fissata al 20%, questa soglia \u00e8 stata successivamente elevata al 25% dei posti messi a concorso.<\/p>\n<p>Ad esempio, in un concorso per 100 posti, solo 25 candidati oltre i vincitori potevano essere inclusi nella graduatoria come idonei. Questa misura aveva l&#8217;obiettivo di contenere le graduatorie e accelerare le assunzioni, ma ha sollevato critiche per la sua rigidit\u00e0 e per le limitate opportunit\u00e0 offerte ai partecipanti.<\/p>\n<h2><strong>La sospensione della norma<\/strong><\/h2>\n<p>Con il Decreto PA 2025, il governo ha deciso di sospendere questa limitazione per le <strong>graduatorie approvate nel 2024<\/strong> e per i <strong>concorsi banditi nel 2025<\/strong>. Ci\u00f2 significa che, in questo periodo, non si applicher\u00e0 il limite del 25% per gli idonei, permettendo alle amministrazioni di attingere pi\u00f9 liberamente dalle graduatorie per coprire le posizioni vacanti.<\/p>\n<p>Questa sospensione \u00e8 stata accolta positivamente da diversi esponenti istituzionali. Il presidente dell&#8217;Anci e <strong>sindaco di Napoli<\/strong>, Gaetano Manfredi, ha dichiarato:<\/p>\n<blockquote><p><em>&#8220;Un ottimo risultato per gli Enti locali impegnati nello svolgimento dei concorsi e soggetti a una significativa mobilit\u00e0 del personale: grazie a questa norma possono ridurre i costi dei concorsi attingendo pienamente dalle graduatorie.&#8221;<\/em><\/p><\/blockquote>\n<h2><strong>Cosa accadr\u00e0 per i concorsi pubblici 2025<\/strong><\/h2>\n<p>La sospensione della &#8220;norma taglia idonei&#8221; avr\u00e0 diverse ripercussioni positive:<\/p>\n<ul>\n<li><strong>Maggiore flessibilit\u00e0 nelle assunzioni<\/strong>: Le amministrazioni potranno coprire pi\u00f9 rapidamente le posizioni vacanti, riducendo la necessit\u00e0 di bandire nuovi concorsi e ottimizzando le risorse disponibili.<\/li>\n<li><strong>Valorizzazione dei candidati<\/strong>: Un numero maggiore di partecipanti ai concorsi avr\u00e0 l&#8217;opportunit\u00e0 di essere assunto, riconoscendo l&#8217;impegno e la preparazione di chi ha superato le prove selettive.<\/li>\n<li><strong>Riduzione dei costi<\/strong>: Utilizzando le graduatorie esistenti, si diminuiranno i costi associati all&#8217;organizzazione di nuovi concorsi, rendendo il processo pi\u00f9 economico ed efficiente.<\/li>\n<\/ul>\n<p>Questa misura temporanea rappresenta un passo importante verso una PA pi\u00f9 dinamica e meritocratica, dando possibilit\u00e0 nel 2025 ai concorsisti di avere molte pi\u00f9 chance di lavorare nella pubblica amministrazione.<\/p>\n","protected":false},"excerpt":{"rendered":"<p>La recente sospensione della &#8220;norma taglia idonei&#8221; rappresenta una importante novit\u00e0 nel settore dei concorsi pubblici.<\/p>\n","protected":false},"author":2,"featured_media":1064,"comment_status":"closed","ping_status":"closed","sticky":false,"template":"","format":"standard","meta":{"_acf_changed":false,"inline_featured_image":false,"footnotes":""},"categories":[18,19,10],"tags":[],"class_list":["post-1063","post","type-post","status-publish","format-standard","has-post-thumbnail","hentry","category-case-history","category-news-concorsi-digitali","category-non-categorizzato"],"acf":[],"yoast_head":"<!-- This site is optimized with the Yoast SEO plugin v27.3 - https:\/\/yoast.com\/product\/yoast-seo-wordpress\/ -->\n<title>Decreto PA taglia idonei: stop alla norma per i concorsi 2025 - Recrytera<\/title>\n<meta name=\"description\" content=\"La sospensione della &quot;norma taglia idonei&quot; formalizzata nel Decreto PA 2025 rappresenta una svolta nel settore dei concorsi pubblici.\" \/>\n<meta name=\"robots\" content=\"index, follow, max-snippet:-1, max-image-preview:large, max-video-preview:-1\" \/>\n<link rel=\"canonical\" href=\"https:\/\/recrytera.com\/it\/decreto-pa-taglia-idonei-norma-concorsi-2025\/\" \/>\n<meta property=\"og:locale\" content=\"it_IT\" \/>\n<meta property=\"og:type\" content=\"article\" \/>\n<meta property=\"og:title\" content=\"Decreto PA taglia idonei: stop alla norma per i concorsi 2025 - Recrytera\" \/>\n<meta property=\"og:description\" content=\"La sospensione della &quot;norma taglia idonei&quot; formalizzata nel Decreto PA 2025 rappresenta una svolta nel settore dei concorsi pubblici.\" \/>\n<meta property=\"og:url\" content=\"https:\/\/recrytera.com\/it\/decreto-pa-taglia-idonei-norma-concorsi-2025\/\" \/>\n<meta property=\"og:site_name\" content=\"Recrytera\" \/>\n<meta property=\"article:published_time\" content=\"2025-02-24T09:03:58+00:00\" \/>\n<meta property=\"article:modified_time\" content=\"2025-02-25T08:25:11+00:00\" \/>\n<meta property=\"og:image\" content=\"https:\/\/recrytera.com\/wp-content\/uploads\/2025\/02\/decreto-pa-taglia-idonei-2024-2025-scaled.jpg\" \/>\n\t<meta property=\"og:image:width\" content=\"2560\" \/>\n\t<meta property=\"og:image:height\" content=\"1707\" \/>\n\t<meta property=\"og:image:type\" content=\"image\/jpeg\" \/>\n<meta name=\"author\" content=\"Luciano Torrente\" \/>\n<meta name=\"twitter:card\" content=\"summary_large_image\" \/>\n<meta name=\"twitter:label1\" content=\"Scritto da\" \/>\n\t<meta name=\"twitter:data1\" content=\"Luciano Torrente\" \/>\n\t<meta name=\"twitter:label2\" content=\"Tempo di lettura stimato\" \/>\n\t<meta name=\"twitter:data2\" content=\"2 minuti\" \/>\n<script type=\"application\/ld+json\" class=\"yoast-schema-graph\">{\"@context\":\"https:\\\/\\\/schema.org\",\"@graph\":[{\"@type\":\"Article\",\"@id\":\"https:\\\/\\\/recrytera.com\\\/it\\\/decreto-pa-taglia-idonei-norma-concorsi-2025\\\/#article\",\"isPartOf\":{\"@id\":\"https:\\\/\\\/recrytera.com\\\/it\\\/decreto-pa-taglia-idonei-norma-concorsi-2025\\\/\"},\"author\":{\"name\":\"Luciano Torrente\",\"@id\":\"https:\\\/\\\/recrytera.com\\\/it\\\/#\\\/schema\\\/person\\\/2105873a8cc410ebc8bf5d2479307f32\"},\"headline\":\"Decreto PA taglia idonei: stop alla norma per i concorsi 2025\",\"datePublished\":\"2025-02-24T09:03:58+00:00\",\"dateModified\":\"2025-02-25T08:25:11+00:00\",\"mainEntityOfPage\":{\"@id\":\"https:\\\/\\\/recrytera.com\\\/it\\\/decreto-pa-taglia-idonei-norma-concorsi-2025\\\/\"},\"wordCount\":384,\"image\":{\"@id\":\"https:\\\/\\\/recrytera.com\\\/it\\\/decreto-pa-taglia-idonei-norma-concorsi-2025\\\/#primaryimage\"},\"thumbnailUrl\":\"https:\\\/\\\/recrytera.com\\\/wp-content\\\/uploads\\\/2025\\\/02\\\/decreto-pa-taglia-idonei-2024-2025-scaled.jpg\",\"articleSection\":[\"Case history\",\"News concorsi digitali\",\"Non categorizzato\"],\"inLanguage\":\"it-IT\"},{\"@type\":\"WebPage\",\"@id\":\"https:\\\/\\\/recrytera.com\\\/it\\\/decreto-pa-taglia-idonei-norma-concorsi-2025\\\/\",\"url\":\"https:\\\/\\\/recrytera.com\\\/it\\\/decreto-pa-taglia-idonei-norma-concorsi-2025\\\/\",\"name\":\"Decreto PA taglia idonei: stop alla norma per i concorsi 2025 - Recrytera\",\"isPartOf\":{\"@id\":\"https:\\\/\\\/recrytera.com\\\/it\\\/#website\"},\"primaryImageOfPage\":{\"@id\":\"https:\\\/\\\/recrytera.com\\\/it\\\/decreto-pa-taglia-idonei-norma-concorsi-2025\\\/#primaryimage\"},\"image\":{\"@id\":\"https:\\\/\\\/recrytera.com\\\/it\\\/decreto-pa-taglia-idonei-norma-concorsi-2025\\\/#primaryimage\"},\"thumbnailUrl\":\"https:\\\/\\\/recrytera.com\\\/wp-content\\\/uploads\\\/2025\\\/02\\\/decreto-pa-taglia-idonei-2024-2025-scaled.jpg\",\"datePublished\":\"2025-02-24T09:03:58+00:00\",\"dateModified\":\"2025-02-25T08:25:11+00:00\",\"author\":{\"@id\":\"https:\\\/\\\/recrytera.com\\\/it\\\/#\\\/schema\\\/person\\\/2105873a8cc410ebc8bf5d2479307f32\"},\"description\":\"La sospensione della \\\"norma taglia idonei\\\" formalizzata nel Decreto PA 2025 rappresenta una svolta nel settore dei concorsi pubblici.\",\"breadcrumb\":{\"@id\":\"https:\\\/\\\/recrytera.com\\\/it\\\/decreto-pa-taglia-idonei-norma-concorsi-2025\\\/#breadcrumb\"},\"inLanguage\":\"it-IT\",\"potentialAction\":[{\"@type\":\"ReadAction\",\"target\":[\"https:\\\/\\\/recrytera.com\\\/it\\\/decreto-pa-taglia-idonei-norma-concorsi-2025\\\/\"]}]},{\"@type\":\"ImageObject\",\"inLanguage\":\"it-IT\",\"@id\":\"https:\\\/\\\/recrytera.com\\\/it\\\/decreto-pa-taglia-idonei-norma-concorsi-2025\\\/#primaryimage\",\"url\":\"https:\\\/\\\/recrytera.com\\\/wp-content\\\/uploads\\\/2025\\\/02\\\/decreto-pa-taglia-idonei-2024-2025-scaled.jpg\",\"contentUrl\":\"https:\\\/\\\/recrytera.com\\\/wp-content\\\/uploads\\\/2025\\\/02\\\/decreto-pa-taglia-idonei-2024-2025-scaled.jpg\",\"width\":2560,\"height\":1707,\"caption\":\"decreto-pa-taglia-idonei-2024-2025\"},{\"@type\":\"BreadcrumbList\",\"@id\":\"https:\\\/\\\/recrytera.com\\\/it\\\/decreto-pa-taglia-idonei-norma-concorsi-2025\\\/#breadcrumb\",\"itemListElement\":[{\"@type\":\"ListItem\",\"position\":1,\"name\":\"Home\",\"item\":\"https:\\\/\\\/recrytera.com\\\/it\\\/\"},{\"@type\":\"ListItem\",\"position\":2,\"name\":\"Decreto PA taglia idonei: stop alla norma per i concorsi 2025\"}]},{\"@type\":\"WebSite\",\"@id\":\"https:\\\/\\\/recrytera.com\\\/it\\\/#website\",\"url\":\"https:\\\/\\\/recrytera.com\\\/it\\\/\",\"name\":\"Recrytera\",\"description\":\"Digital recruiting\",\"potentialAction\":[{\"@type\":\"SearchAction\",\"target\":{\"@type\":\"EntryPoint\",\"urlTemplate\":\"https:\\\/\\\/recrytera.com\\\/it\\\/?s={search_term_string}\"},\"query-input\":{\"@type\":\"PropertyValueSpecification\",\"valueRequired\":true,\"valueName\":\"search_term_string\"}}],\"inLanguage\":\"it-IT\"},{\"@type\":\"Person\",\"@id\":\"https:\\\/\\\/recrytera.com\\\/it\\\/#\\\/schema\\\/person\\\/2105873a8cc410ebc8bf5d2479307f32\",\"name\":\"Luciano Torrente\",\"url\":\"https:\\\/\\\/recrytera.com\\\/it\\\/author\\\/luciano-torrente\\\/\"}]}<\/script>\n<!-- \/ Yoast SEO plugin. -->","yoast_head_json":{"title":"Decreto PA taglia idonei: stop alla norma per i concorsi 2025 - Recrytera","description":"La sospensione della \"norma taglia idonei\" formalizzata nel Decreto PA 2025 rappresenta una svolta nel settore dei concorsi pubblici.","robots":{"index":"index","follow":"follow","max-snippet":"max-snippet:-1","max-image-preview":"max-image-preview:large","max-video-preview":"max-video-preview:-1"},"canonical":"https:\/\/recrytera.com\/it\/decreto-pa-taglia-idonei-norma-concorsi-2025\/","og_locale":"it_IT","og_type":"article","og_title":"Decreto PA taglia idonei: stop alla norma per i concorsi 2025 - Recrytera","og_description":"La sospensione della \"norma taglia idonei\" formalizzata nel Decreto PA 2025 rappresenta una svolta nel settore dei concorsi pubblici.","og_url":"https:\/\/recrytera.com\/it\/decreto-pa-taglia-idonei-norma-concorsi-2025\/","og_site_name":"Recrytera","article_published_time":"2025-02-24T09:03:58+00:00","article_modified_time":"2025-02-25T08:25:11+00:00","og_image":[{"width":2560,"height":1707,"url":"https:\/\/recrytera.com\/wp-content\/uploads\/2025\/02\/decreto-pa-taglia-idonei-2024-2025-scaled.jpg","type":"image\/jpeg"}],"author":"Luciano Torrente","twitter_card":"summary_large_image","twitter_misc":{"Scritto da":"Luciano Torrente","Tempo di lettura stimato":"2 minuti"},"schema":{"@context":"https:\/\/schema.org","@graph":[{"@type":"Article","@id":"https:\/\/recrytera.com\/it\/decreto-pa-taglia-idonei-norma-concorsi-2025\/#article","isPartOf":{"@id":"https:\/\/recrytera.com\/it\/decreto-pa-taglia-idonei-norma-concorsi-2025\/"},"author":{"name":"Luciano Torrente","@id":"https:\/\/recrytera.com\/it\/#\/schema\/person\/2105873a8cc410ebc8bf5d2479307f32"},"headline":"Decreto PA taglia idonei: stop alla norma per i concorsi 2025","datePublished":"2025-02-24T09:03:58+00:00","dateModified":"2025-02-25T08:25:11+00:00","mainEntityOfPage":{"@id":"https:\/\/recrytera.com\/it\/decreto-pa-taglia-idonei-norma-concorsi-2025\/"},"wordCount":384,"image":{"@id":"https:\/\/recrytera.com\/it\/decreto-pa-taglia-idonei-norma-concorsi-2025\/#primaryimage"},"thumbnailUrl":"https:\/\/recrytera.com\/wp-content\/uploads\/2025\/02\/decreto-pa-taglia-idonei-2024-2025-scaled.jpg","articleSection":["Case history","News concorsi digitali","Non categorizzato"],"inLanguage":"it-IT"},{"@type":"WebPage","@id":"https:\/\/recrytera.com\/it\/decreto-pa-taglia-idonei-norma-concorsi-2025\/","url":"https:\/\/recrytera.com\/it\/decreto-pa-taglia-idonei-norma-concorsi-2025\/","name":"Decreto PA taglia idonei: stop alla norma per i concorsi 2025 - Recrytera","isPartOf":{"@id":"https:\/\/recrytera.com\/it\/#website"},"primaryImageOfPage":{"@id":"https:\/\/recrytera.com\/it\/decreto-pa-taglia-idonei-norma-concorsi-2025\/#primaryimage"},"image":{"@id":"https:\/\/recrytera.com\/it\/decreto-pa-taglia-idonei-norma-concorsi-2025\/#primaryimage"},"thumbnailUrl":"https:\/\/recrytera.com\/wp-content\/uploads\/2025\/02\/decreto-pa-taglia-idonei-2024-2025-scaled.jpg","datePublished":"2025-02-24T09:03:58+00:00","dateModified":"2025-02-25T08:25:11+00:00","author":{"@id":"https:\/\/recrytera.com\/it\/#\/schema\/person\/2105873a8cc410ebc8bf5d2479307f32"},"description":"La sospensione della \"norma taglia idonei\" formalizzata nel Decreto PA 2025 rappresenta una svolta nel settore dei concorsi pubblici.","breadcrumb":{"@id":"https:\/\/recrytera.com\/it\/decreto-pa-taglia-idonei-norma-concorsi-2025\/#breadcrumb"},"inLanguage":"it-IT","potentialAction":[{"@type":"ReadAction","target":["https:\/\/recrytera.com\/it\/decreto-pa-taglia-idonei-norma-concorsi-2025\/"]}]},{"@type":"ImageObject","inLanguage":"it-IT","@id":"https:\/\/recrytera.com\/it\/decreto-pa-taglia-idonei-norma-concorsi-2025\/#primaryimage","url":"https:\/\/recrytera.com\/wp-content\/uploads\/2025\/02\/decreto-pa-taglia-idonei-2024-2025-scaled.jpg","contentUrl":"https:\/\/recrytera.com\/wp-content\/uploads\/2025\/02\/decreto-pa-taglia-idonei-2024-2025-scaled.jpg","width":2560,"height":1707,"caption":"decreto-pa-taglia-idonei-2024-2025"},{"@type":"BreadcrumbList","@id":"https:\/\/recrytera.com\/it\/decreto-pa-taglia-idonei-norma-concorsi-2025\/#breadcrumb","itemListElement":[{"@type":"ListItem","position":1,"name":"Home","item":"https:\/\/recrytera.com\/it\/"},{"@type":"ListItem","position":2,"name":"Decreto PA taglia idonei: stop alla norma per i concorsi 2025"}]},{"@type":"WebSite","@id":"https:\/\/recrytera.com\/it\/#website","url":"https:\/\/recrytera.com\/it\/","name":"Recrytera","description":"Digital recruiting","potentialAction":[{"@type":"SearchAction","target":{"@type":"EntryPoint","urlTemplate":"https:\/\/recrytera.com\/it\/?s={search_term_string}"},"query-input":{"@type":"PropertyValueSpecification","valueRequired":true,"valueName":"search_term_string"}}],"inLanguage":"it-IT"},{"@type":"Person","@id":"https:\/\/recrytera.com\/it\/#\/schema\/person\/2105873a8cc410ebc8bf5d2479307f32","name":"Luciano Torrente","url":"https:\/\/recrytera.com\/it\/author\/luciano-torrente\/"}]}},"_links":{"self":[{"href":"https:\/\/recrytera.com\/it\/wp-json\/wp\/v2\/posts\/1063","targetHints":{"allow":["GET"]}}],"collection":[{"href":"https:\/\/recrytera.com\/it\/wp-json\/wp\/v2\/posts"}],"about":[{"href":"https:\/\/recrytera.com\/it\/wp-json\/wp\/v2\/types\/post"}],"author":[{"embeddable":true,"href":"https:\/\/recrytera.com\/it\/wp-json\/wp\/v2\/users\/2"}],"replies":[{"embeddable":true,"href":"https:\/\/recrytera.com\/it\/wp-json\/wp\/v2\/comments?post=1063"}],"version-history":[{"count":6,"href":"https:\/\/recrytera.com\/it\/wp-json\/wp\/v2\/posts\/1063\/revisions"}],"predecessor-version":[{"id":1079,"href":"https:\/\/recrytera.com\/it\/wp-json\/wp\/v2\/posts\/1063\/revisions\/1079"}],"wp:featuredmedia":[{"embeddable":true,"href":"https:\/\/recrytera.com\/it\/wp-json\/wp\/v2\/media\/1064"}],"wp:attachment":[{"href":"https:\/\/recrytera.com\/it\/wp-json\/wp\/v2\/media?parent=1063"}],"wp:term":[{"taxonomy":"category","embeddable":true,"href":"https:\/\/recrytera.com\/it\/wp-json\/wp\/v2\/categories?post=1063"},{"taxonomy":"post_tag","embeddable":true,"href":"https:\/\/recrytera.com\/it\/wp-json\/wp\/v2\/tags?post=1063"}],"curies":[{"name":"wp","href":"https:\/\/api.w.org\/{rel}","templated":true}]}}